{"id":1117,"date":"2020-03-06T16:58:00","date_gmt":"2020-03-06T16:58:00","guid":{"rendered":"https:\/\/vnexpress.link\/?p=1117"},"modified":"2024-03-06T17:18:13","modified_gmt":"2024-03-06T17:18:13","slug":"tran-cau-can-nao-ai-se-chien-thang-trong-the","status":"publish","type":"post","link":"https:\/\/vnexpress.link\/index.php\/2020\/03\/06\/tran-cau-can-nao-ai-se-chien-thang-trong-the\/","title":{"rendered":"Tr\u1eadn c\u1ea7u c\u00e2n n\u00e3o: Ai s\u1ebd chi\u1ebfn th\u1eafng trong th\u1ebf?"},"content":{"rendered":"\n<p>C\u00f9ng <a href=\"https:\/\/five88.studio\/\" target=\"_blank\" rel=\"noopener\">Five88<\/a> \u0111i\u1ec3m qua m\u1ed9t v\u00e0i th\u00f4ng tin n\u1ed5i b\u1eadt c\u1ee7a Bundesliga ng\u00e0y 11\/11<\/p>\n\n\n\n<h2 class=\"wp-block-heading\">Sadio Mane b\u1ecf l\u1ee1 World Cup 2022<\/h2>\n\n\n\n<p>Sadio Mane b\u1ecb bu\u1ed9c ph\u1ea3i r\u1eddi s\u00e2n v\u1edbi m\u1ed9t ch\u1ea5n th\u01b0\u01a1ng ch\u1ec9 sau 20 ph\u00fat, trong chi\u1ebfn th\u1eafng 6-1 c\u1ee7a Bayern Munich tr\u01b0\u1edbc Werder Bremen. V\u00e0 quan tr\u1ecdng h\u01a1n l\u00e0 ch\u01b0a \u0111\u1ea7y hai tu\u1ea7n n\u1eefa World Cup 2022 s\u1ebd kh\u1edfi tranh.<\/p>\n\n\n\n<figure class=\"wp-block-image\"><img decoding=\"async\" src=\"https:\/\/afamilyvn.com\/wp-content\/uploads\/2022\/11\/sadio-mane-44-1024x681.jpg\" alt=\"\" class=\"wp-image-1238\"\/><\/figure>\n\n\n\n<p>M\u1edbi nh\u1ea5t, h\u00e0ng lo\u1ea1t ngu\u1ed3n tin uy t\u00edn&nbsp;\u1edf ch\u00e2u \u00c2u kh\u1eb3ng \u0111\u1ecbnh&nbsp;gi\u1ea5c m\u01a1 d\u1ef1 World Cup 2022 c\u1ee7a ti\u1ec1n \u0111\u1ea1o Bayern Munich ch\u1ea5m d\u1ee9t.&nbsp;T\u1edd L\u2019Equipe ti\u1ebft l\u1ed9 ch\u1ea5n th\u01b0\u01a1ng \u0111\u1ea7u g\u1ed1i c\u1ee7a Mane kh\u00e1 n\u1eb7ng v\u00e0 anh s\u1ebd kh\u00f4ng th\u1ec3 d\u1eabn d\u1eaft tuy\u1ec3n Senegal thi \u0111\u1ea5u t\u1ea1i Qatar.<\/p>\n\n\n\n<figure class=\"wp-block-image\"><img decoding=\"async\" src=\"https:\/\/afamilyvn.com\/wp-content\/uploads\/2022\/11\/sadio-mane-bayern-muenchen-amam-773948507-1024x576.jpg\" alt=\"\" class=\"wp-image-1239\"\/><\/figure>\n\n\n\n<p>Mane&nbsp;c\u0169ng l\u00e0 ng\u00f4i sao trong chi\u1ebfn d\u1ecbch CAN Cup 2021 c\u1ee7a Senegal. Ch\u00ednh v\u00ec th\u1ebf, c\u1ed5 \u0111\u1ed5ng vi\u00ean \u1edf qu\u00ea nh\u00e0 c\u00f3 l\u00fd do \u0111\u1ec3 lo l\u1eafng cho t\u00ecnh tr\u1ea1ng m\u1edbi nh\u1ea5t c\u1ee7a ti\u1ec1n \u0111\u1ea1o n\u00e0y.&nbsp;Ng\u00f4i sao ng\u01b0\u1eddi Senegal kh\u00f4ng ph\u1ea3i l\u00e0 c\u1ea7u th\u1ee7 duy nh\u1ea5t g\u1eb7p ph\u1ea3i ch\u1ea5n th\u01b0\u01a1ng tr\u01b0\u1edbc khi World Cup 2022 kh\u1edfi tranh.<\/p>\n\n\n\n<h2 class=\"wp-block-heading\">Jamal Musiala ph\u00e1 \u0111\u1ea3o Bundesliga<\/h2>\n\n\n\n<p>\u1ede tr\u1eadn th\u1eafng h\u1ee7y di\u1ec7t 6-1 c\u1ee7a&nbsp;Bayern Munich&nbsp;v\u1edbi Werder Bremen m\u1edbi \u0111\u00e2y, ch\u00ednh&nbsp;Jamal Musiala l\u00e0 ng\u01b0\u1eddi ghi b\u00e0n m\u1edf t\u1ef7 s\u1ed1, m\u1edf m\u00e0n cho chi\u1ebfn th\u1eafng t\u01b0ng b\u1eebng c\u1ee7a H\u00f9m x\u00e1m \u1edf Allianz Arena. Sau th\u1eddi gian ch\u1eadt v\u1eadt, th\u1ea7y tr\u00f2 hu\u1ea5n luy\u1ec7n vi\u00ean&nbsp;Julian Nagelsmann \u0111\u00e3&nbsp;kh\u1eb3ng \u0111\u1ecbnh v\u1ecb th\u1ebf s\u1ed1 1 c\u1ee7a m\u00ecnh t\u1ea1i \u0110\u1ee9c.<\/p>\n\n\n\n<figure class=\"wp-block-image\"><img decoding=\"async\" src=\"https:\/\/afamilyvn.com\/wp-content\/uploads\/2022\/11\/Jamal-Musiala-Bayern-Munich-1024x576.jpg\" alt=\"\" class=\"wp-image-1240\"\/><\/figure>\n\n\n\n<p>Theo th\u1ed1ng k\u00ea,&nbsp;Jamal Musiala&nbsp;\u0111\u00e3 ghi 9 b\u00e0n&nbsp;th\u1eafng trong 14 v\u00f2ng \u0111\u1ea5u \u0111\u1ea7u ti\u00ean \u1edf Bundesliga,&nbsp;m\u1ed9t th\u00e0nh t\u00edch m\u00e0 ch\u01b0a c\u00f3 c\u1ea7u th\u1ee7 \u2018tu\u1ed5i teen\u2019 n\u00e0o l\u00e0m \u0111\u01b0\u1ee3c&nbsp;\u1edf gi\u1ea3i \u0111\u1ea5u h\u00e0ng \u0111\u1ea5u n\u01b0\u1edbc \u0110\u1ee9c cho \u0111\u1ebfn nay.<\/p>\n\n\n\n<p>T\u00ednh&nbsp;r\u1ed9ng&nbsp;h\u01a1n, tuy\u1ec3n th\u1ee7 \u0110\u1ee9c \u0111\u00e3 \u0111\u1eb7t m\u1ed1c 20 b\u00e0n th\u1eafng v\u00e0 ki\u1ebfn t\u1ea1o&nbsp;t\u1eeb \u0111\u1ea7u m\u00f9a cho H\u00f9m x\u00e1m.&nbsp;Bayern Munich cho th\u1ea5y h\u1ecd \u0111\u00fang \u0111\u1eafn khi thuy\u1ebft ph\u1ee5c Musiala&nbsp;k\u00fd h\u1ee3p \u0111\u1ed3ng m\u1edbi t\u1ea1i Allianz Arena v\u00e0o th\u00e1ng 3 n\u0103m 2021, gi\u1eef \u2018th\u1ea7n \u0111\u1ed3ng\u2019 c\u1ee7a m\u00ecnh \u1edf l\u1ea1i cho th\u00e1ng 6 n\u0103m 2026.&nbsp; Phong \u0111\u1ed9 cao c\u1ee7a Musiala gi\u00fap sao tr\u1ebb n\u00e0y c\u00f3 th\u00eam c\u01a1 h\u1ed9i ra m\u1eaft \u1edf World Cup trong \u0111\u1ed9i h\u00ecnh c\u1ee7a HLV Hansi Flick, d\u00f9 \u0111\u00e3 t\u1eebng kho\u00e1c \u00e1o c\u00e1c \u0111\u1ed9i tr\u1ebb c\u1ee7a Anh.<\/p>\n\n\n\n<figure class=\"wp-block-image\"><img decoding=\"async\" src=\"https:\/\/afamilyvn.com\/wp-content\/uploads\/2022\/11\/jamal_musiala-1-28-1024x655.jpg\" alt=\"\" class=\"wp-image-1241\"\/><\/figure>\n\n\n\n<p>Musiala l\u00e0 c\u1ea7u th\u1ee7 \u0111\u1ea7y k\u1ef9 thu\u1eadt, t\u1ed1c \u0111\u1ed9, v\u1edbi nh\u00e3n quan chi\u1ebfn thu\u1eadt t\u1ed1t. Anh c\u00f3 th\u1ec3 ch\u01a1i \u1edf m\u1ecdi v\u1ecb tr\u00ed tr\u00ean h\u00e0ng c\u00f4ng. D\u00f9 c\u00f3 s\u1edf tr\u01b0\u1eddng l\u00e0 ti\u1ec1n v\u1ec7 t\u1ea5n c\u00f4ng, c\u00f3 l\u00fac,&nbsp;Musiala th\u1eadm ch\u00ed c\u00f2n l\u00e0m t\u1ed1t h\u01a1n \u1edf vai tr\u00f2 trung phong.&nbsp;C\u1ef1u ng\u00f4i sao Chelsea&nbsp;\u0111\u00e3 c\u00f3 nh\u1eefng tr\u1eadn \u0111\u1ea5u \u1edf \u0111\u1ed9i m\u1ed9t Bayern t\u1eeb 2 m\u00f9a tr\u01b0\u1edbc, nh\u01b0ng \u0111\u1ebfn m\u00f9a n\u00e0y, anh m\u1edbi th\u1eadt s\u1ef1 b\u00f9ng n\u1ed5.<\/p>\n\n\n\n<h2 class=\"wp-block-heading\">Tuchel s\u1ebd d\u1eabn d\u1eaft \u0111\u1ed9i tuy\u1ec3n qu\u1ed1c gia<\/h2>\n\n\n\n<p>HLV ng\u01b0\u1eddi \u0110\u1ee9c \u0111\u00e3 b\u1ecb Chelsea sa th\u1ea3i v\u00e0o th\u00e1ng 9 v\u00e0 \u0111\u01b0\u1ee3c cho l\u00e0 \u0111\u00e3&nbsp;t\u1eeb ch\u1ed1i m\u1ed9t s\u1ed1 vai tr\u00f2, bao g\u1ed3m c\u1ea3 nh\u1eefng l\u1eddi \u0111\u1ec1 ngh\u1ecb t\u1eeb Aston Villa v\u00e0 Bayer Leverkusen.<\/p>\n\n\n\n<p>Tuchel&nbsp;ch\u1eafc ch\u1eafn s\u1ebd quan t\u00e2m \u0111\u1ebfn c\u00f4ng vi\u1ec7c c\u1ee7a \u0111\u1ed9i tuy\u1ec3n Anh n\u1ebfu&nbsp;v\u1ecb tr\u00ed HLV tr\u01b0\u1edfng tuy\u1ec3n n\u00e0y \u0111\u01b0\u1ee3c b\u1ecf tr\u1ed1ng&nbsp;sau World Cup \u1edf Qatar, v\u00ec h\u1ee3p \u0111\u1ed3ng c\u1ee7a Gareth Southgate v\u1edbi Tam s\u01b0 s\u1ebd h\u1ebft h\u1ea1n v\u00e0o n\u0103m 2024.<\/p>\n\n\n\n<figure class=\"wp-block-image\"><img decoding=\"async\" src=\"https:\/\/afamilyvn.com\/wp-content\/uploads\/2022\/11\/MWWWQTY3ROBCN5A3AZYZ7TRIEY-1024x697.jpg\" alt=\"\" class=\"wp-image-1242\"\/><\/figure>\n\n\n\n<p>Tuchel \u0111\u01b0\u1ee3c \u0111\u00e1nh gi\u00e1 cao t\u1eeb khi c\u00f2n \u1edf Dortmund tr\u01b0\u1edbc khi chuy\u1ec3n sang PSG. Sau m\u1ed9t th\u1eddi gian \u1edf Ph\u00e1p, \u00f4ng b\u1ecb sa th\u1ea3i sau nh\u1eefng th\u1ea5t b\u1ea1i \u1edf Champions League. \u0110\u1ebfn&nbsp;Chelsea&nbsp;v\u00e0o \u0111\u1ea7u n\u0103m 2021, chi\u1ebfn l\u01b0\u1ee3c gia n\u00e0y \u0111\u00e3 g\u00e2y b\u1ea5t ng\u1edd khi d\u1eabn d\u1eaft The Blues \u0111\u1ebfn ch\u1ee9c v\u00f4 \u0111\u1ecbch C1 ch\u1ec9 sau 4 th\u00e1ng l\u00e0m vi\u1ec7c.<\/p>\n\n\n\n<p>M\u00f9a gi\u1ea3i ti\u1ebfp \u0111\u00f3 \u00f4ng ti\u1ebfp t\u1ee5c v\u00f4 \u0111\u1ecbch Si\u00eau c\u00fap ch\u00e2u \u00c2u v\u00e0 mang v\u1ec1 cho Chelsea chi\u1ebfc c\u00fap v\u00f4 \u0111\u1ecbch Club World Cup l\u1ea7n \u0111\u1ea7u ti\u00ean trong l\u1ecbch s\u1eed \u0111\u1ed9i b\u00f3ng n\u00e0y.<\/p>\n\n\n\n<h2 class=\"wp-block-heading\">Timo Werner m\u1ea5t World Cup<\/h2>\n\n\n\n<p>\u0110\u01b0\u1ee3c xem l\u00e0 tr\u1ee5 c\u1ed9t c\u1ee7a tuy\u1ec3n \u0110\u1ee9c t\u1ea1i k\u1ef3 World Cup 2022 di\u1ec5n ra v\u00e0o cu\u1ed1i n\u0103m nay tuy nhi\u00ean, m\u1ed9t hung tin \u0111\u00e3 x\u1ea3y \u0111\u1ebfn \u0111\u1ed1i v\u1edbi&nbsp;Timo Werner&nbsp;sau lo\u1ea1t tr\u1eadn cu\u1ed1i c\u00f9ng v\u00f2ng b\u1ea3ng Champions League.&nbsp;<\/p>\n\n\n\n<p>Theo \u0111\u00f3, \u1edf cu\u1ed9c \u0111\u1ee5ng \u0111\u1ed9 gi\u1eefa&nbsp;RB Leipzig&nbsp;v\u00e0 Shaktar Donetsk \u0111\u1ec3&nbsp;quy\u1ebft \u0111\u1ecbnh t\u1ea5m v\u00e9 \u0111i ti\u1ebfp&nbsp;v\u00e0o v\u00f2ng knock-out, c\u1ef1u ch\u00e2n s\u00fat Chelsea d\u00f9 \u0111\u01b0\u1ee3c g\u00f3p m\u1eb7t trong \u0111\u1ed9i h\u00ecnh xu\u1ea5t ph\u00e1t&nbsp;nh\u01b0ng ch\u1ec9 c\u00f3 th\u1ec3 thi \u0111\u1ea5u \u0111\u00fang 19 ph\u00fat tr\u01b0\u1edbc khi r\u1eddi s\u00e2n, nh\u01b0\u1eddng ch\u1ed7 cho Emil Forsberg.&nbsp;<\/p>\n\n\n\n<figure class=\"wp-block-image\"><img decoding=\"async\" src=\"https:\/\/afamilyvn.com\/wp-content\/uploads\/2022\/11\/fgpzrzdxkaekzbd-1332-1024x682.jpg\" alt=\"\" class=\"wp-image-1243\"\/><\/figure>\n\n\n\n<p>K\u1ebft qu\u1ea3, d\u00f9 Leipzig gi\u00e0nh chi\u1ebfn th\u1eafng \u0111\u1eadm 4-0 nh\u01b0ng sau tr\u1eadn \u0111\u1ea5u, h\u1ecd \u0111\u00e3 ph\u1ea3i nh\u1eadn thi\u1ec7t h\u1ea1i v\u1ec1 l\u1ef1c l\u01b0\u1ee3ng v\u1edbi ch\u1ea5n th\u01b0\u01a1ng c\u1ee7a Timo Werner. Theo th\u00f4ng b\u00e1o t\u1eeb ph\u00eda \u0111\u1ea1i di\u1ec7n n\u01b0\u1edbc \u0110\u1ee9c, ti\u1ec1n \u0111\u1ea1o sinh n\u0103m 1996&nbsp;b\u1ecb r\u00e1ch d\u00e2y ch\u1eb1ng bao kh\u1edbp \u1edf m\u1eaft c\u00e1 ch\u00e2n tr\u00e1i v\u00e0 ph\u1ea3i ngh\u1ec9 thi \u0111\u1ea5u \u0111\u1ebfn h\u1ebft n\u0103m nay, \u0111i\u1ec1u \u0111\u1ed3ng ngh\u0129a v\u1edbi vi\u1ec7c anh s\u1ebd b\u1ecf l\u1ee1 k\u1ef3 World Cup di\u1ec5n ra tr\u00ean \u0111\u1ea5t Qatar.<\/p>\n","protected":false},"excerpt":{"rendered":"<p>C\u00f9ng Five88 \u0111i\u1ec3m qua m\u1ed9t v\u00e0i th\u00f4ng tin n\u1ed5i b\u1eadt c\u1ee7a Bundesliga ng\u00e0y 11\/11 Sadio Mane b\u1ecf l\u1ee1 World Cup 2022 Sadio Mane b\u1ecb bu\u1ed9c ph\u1ea3i r\u1eddi s\u00e2n v\u1edbi m\u1ed9t ch\u1ea5n th\u01b0\u01a1ng ch\u1ec9 sau 20 ph\u00fat, trong chi\u1ebfn th\u1eafng 6-1 c\u1ee7a Bayern Munich tr\u01b0\u1edbc Werder Bremen. V\u00e0 quan tr\u1ecdng h\u01a1n l\u00e0 ch\u01b0a \u0111\u1ea7y hai tu\u1ea7n &hellip; <a href=\"https:\/\/vnexpress.link\/index.php\/2020\/03\/06\/tran-cau-can-nao-ai-se-chien-thang-trong-the\/\" class=\"more-link\">Ti\u1ebfp t\u1ee5c \u0111\u1ecdc <span class=\"screen-reader-text\">Tr\u1eadn c\u1ea7u c\u00e2n n\u00e3o: Ai s\u1ebd chi\u1ebfn th\u1eafng trong th\u1ebf?<\/span> <span class=\"meta-nav\">&rarr;<\/span><\/a><\/p>\n","protected":false},"author":1,"featured_media":0,"comment_status":"closed","ping_status":"closed","sticky":false,"template":"","format":"standard","meta":{"om_disable_all_campaigns":false,"_monsterinsights_skip_tracking":false,"_monsterinsights_sitenote_active":false,"_monsterinsights_sitenote_note":"","_monsterinsights_sitenote_category":0,"footnotes":""},"categories":[10],"tags":[],"class_list":["post-1117","post","type-post","status-publish","format-standard","hentry","category-giai-tri"],"_links":{"self":[{"href":"https:\/\/vnexpress.link\/index.php\/wp-json\/wp\/v2\/posts\/1117","targetHints":{"allow":["GET"]}}],"collection":[{"href":"https:\/\/vnexpress.link\/index.php\/wp-json\/wp\/v2\/posts"}],"about":[{"href":"https:\/\/vnexpress.link\/index.php\/wp-json\/wp\/v2\/types\/post"}],"author":[{"embeddable":true,"href":"https:\/\/vnexpress.link\/index.php\/wp-json\/wp\/v2\/users\/1"}],"replies":[{"embeddable":true,"href":"https:\/\/vnexpress.link\/index.php\/wp-json\/wp\/v2\/comments?post=1117"}],"version-history":[{"count":1,"href":"https:\/\/vnexpress.link\/index.php\/wp-json\/wp\/v2\/posts\/1117\/revisions"}],"predecessor-version":[{"id":1118,"href":"https:\/\/vnexpress.link\/index.php\/wp-json\/wp\/v2\/posts\/1117\/revisions\/1118"}],"wp:attachment":[{"href":"https:\/\/vnexpress.link\/index.php\/wp-json\/wp\/v2\/media?parent=1117"}],"wp:term":[{"taxonomy":"category","embeddable":true,"href":"https:\/\/vnexpress.link\/index.php\/wp-json\/wp\/v2\/categories?post=1117"},{"taxonomy":"post_tag","embeddable":true,"href":"https:\/\/vnexpress.link\/index.php\/wp-json\/wp\/v2\/tags?post=1117"}],"curies":[{"name":"wp","href":"https:\/\/api.w.org\/{rel}","templated":true}]}}